{"id":426,"date":"2018-10-11T16:49:42","date_gmt":"2018-10-11T14:49:42","guid":{"rendered":"http:\/\/jezykiobce.jaworzno.edu.pl\/?p=426"},"modified":"2018-10-11T16:51:04","modified_gmt":"2018-10-11T14:51:04","slug":"program-flex-2019-2020-szansa-na-darmowa-edukacje-w-usa","status":"publish","type":"post","link":"https:\/\/jezykiobce.jaworzno.edu.pl\/?p=426","title":{"rendered":"Program FLEX 2019\/2020 &#8211; szansa na darmow\u0105 edukacj\u0119 w USA"},"content":{"rendered":"<p align=\"LEFT\"><span style=\"color: #0b333c; font-family: Verdana; font-size: small;\"><i>W imieniu Ambasady Stan\u00f3w Zjednoczonych w Polsce oraz American Councils for International Education zwracamy si\u0119 z pro\u015bb\u0105 o przekazanie uczniom informacji o mo\u017cliwo\u015bci udzia\u0142u w Programie FLEX w roku szkolnym 2019\/2020. Program skierowany jest do uczni\u00f3w klas trzecich gimnazjum oraz klas pierwszych i drugich liceum\/technikum zainteresowanych mo\u017cliwo\u015bci\u0105 nauki w ameryka\u0144skiej szkole \u015bredniej.<\/i><\/span><\/p>\n<p align=\"LEFT\"><span style=\"color: #0b333c; font-family: Verdana; font-size: small;\">Program FLEX (Future Leaders Exchange Program) zosta\u0142 zatwierdzony przez Kongres Stan\u00f3w Zjednoczonych w 1992. Jest on ca\u0142orocznym, w pe\u0142ni finansowanym przez Departament Stanu USA programem wymiany uczni\u00f3w szk\u00f3\u0142 \u015brednich, kt\u00f3rzy wyje\u017cd\u017caj\u0105 do Stan\u00f3w Zjednoczonych na ca\u0142y rok szkolny. Od 26 lat w programie FLEX uczestniczy\u0142o ponad 27 000 uczni\u00f3w ze szk\u00f3\u0142 \u015brednich z Europy, Eurazji oraz Azji \u015arodkowej. Celem programu jest promowanie wzajemnego szacunku i zrozumienia pomi\u0119dzy obywatelami Stan\u00f3w Zjednoczonych a mieszka\u0144cami okre\u015blonych kraj\u00f3w.<\/span><\/p>\n<p align=\"LEFT\"><span style=\"color: #0b333c; font-family: Verdana; font-size: small;\">W poprzedniej edycji Programu FLEX otrzymali\u015bmy ponad 2600 zg\u0142osze\u0144. Po rekrutacji 43 polskich uczni\u00f3w otrzyma\u0142o szans\u0119 wyjazdu do USA. Nasi stypendy\u015bci mieszkaj\u0105 w r\u00f3\u017cnych stanach: od Kalifornii po Georgi\u0119, od Teksasu po Minnesot\u0119. Chodz\u0105 do r\u00f3\u017cnych szk\u00f3\u0142 \u015brednich, bior\u0105 udzia\u0142 w zawodach sportowych, udzielaj\u0105 si\u0119 w wolontariacie. Ten rok b\u0119dzie dla nich niezapomniany. Na naszym profilu FLEX Poland mo\u017cna \u015bledzi\u0107 ich losy.<\/span><\/p>\n<p align=\"LEFT\"><span style=\"color: #0b333c; font-family: Verdana; font-size: small;\">Program FLEX pokrywa nast\u0119puj\u0105ce koszty:<\/span><\/p>\n<p align=\"LEFT\"><span style=\"color: #0b333c; font-family: Verdana; font-size: small;\">\u2022 Podr\u00f3\u017c z miejsca zamieszkania do USA (do rodziny goszcz\u0105cej) oraz powr\u00f3t z USA<\/span><\/p>\n<p align=\"LEFT\"><span style=\"color: #0b333c; font-family: Verdana; font-size: small;\">\u2022 Miesi\u0119czne stypendium na w\u0142asne wydatki<\/span><\/p>\n<p align=\"LEFT\"><span style=\"color: #0b333c; font-family: Verdana; font-size: small;\">\u2022 Zakwaterowanie u rodziny goszcz\u0105cej w USA na okres 1 roku<\/span><\/p>\n<p align=\"LEFT\"><span style=\"color: #0b333c; font-family: Verdana; font-size: small;\">\u2022 Program szkolny w ameryka\u0144skiej szkole \u015bredniej<\/span><\/p>\n<p align=\"LEFT\"><span style=\"color: #0b333c; font-family: Verdana; font-size: small;\">\u2022 Szkolenie przedwyjazdowe w Polsce<\/span><\/p>\n<p align=\"LEFT\"><span style=\"color: #0b333c; font-family: Verdana; font-size: small;\">\u2022 Ubezpieczenie medyczne (z wy\u0142\u0105czeniem stwierdzonych chor\u00f3b przewlek\u0142ych oraz opieki stomatologicznej)<\/span><\/p>\n<p align=\"LEFT\"><span style=\"color: #0b333c; font-family: Verdana; font-size: small;\">W Programie FLEX mo\u017ce wzi\u0105\u0107 udzia\u0142 ucze\u0144 trzeciej klasy gimnazjum lub pierwszej i drugiej klasy liceum\/technikum, kt\u00f3ry:<\/span><\/p>\n<p align=\"LEFT\"><span style=\"color: #0b333c; font-family: Verdana; font-size: small;\">\u2022 ma polskie obywatelstwo;<\/span><\/p>\n<p align=\"LEFT\"><span style=\"color: #0b333c; font-family: Verdana; font-size: small;\">\u2022 urodzi\u0142 si\u0119 mi\u0119dzy 15.07.2001 a 15.07.2004 (osoby niepe\u0142nosprawne: 15.02.2001-15.07.2005);<\/span><\/p>\n<p align=\"LEFT\"><span style=\"color: #0b333c; font-family: Verdana; font-size: small;\">\u2022 zna j\u0119zyk angielski w stopniu komunikatywnym;<\/span><\/p>\n<p align=\"LEFT\"><span style=\"color: #0b333c; font-family: Verdana; font-size: small;\">\u2022 spe\u0142nia wymogi dot. uzyskania \u00a0wizy USA oraz nie sp\u0119dzi\u0142 wi\u0119cej ni\u017c 90 dni w ci\u0105gu ostatnich 5 lat w USA<\/span><\/p>\n<p align=\"LEFT\"><span style=\"color: #0b333c; font-family: Verdana; font-size: small;\">Zach\u0119camy r\u00f3wnie\u017c osoby niepe\u0142nosprawne do udzia\u0142u w Programie<\/span><\/p>\n<p align=\"LEFT\"><span style=\"color: #0b333c; font-family: Verdana; font-size: small;\">Aplikuj online do 16 pa\u017adziernika<\/span><\/p>\n<p align=\"LEFT\"><span style=\"color: #0b333c; font-family: Verdana; font-size: small;\">Wi\u0119cej: \u00a0\u00a0\u00a0\u00a0<a href=\"http:\/\/americancouncils.pl\/programs\/future-leaders-exchange\/\">http:\/\/americancouncils.pl\/programs\/future-leaders-exchange\/<\/a><\/span><\/p>\n<p align=\"LEFT\"><span style=\"color: #0b333c; font-family: Verdana; font-size: small;\">Osoby zainteresowane powinny zarejestrowa\u0107 si\u0119 oraz wype\u0142ni\u0107 formularz online: <a href=\"http:\/\/ais.americancouncils.org\/flex\">http:\/\/ais.americancouncils.org\/flex<\/a><\/span><\/p>\n<p align=\"LEFT\"><span style=\"color: #0b333c; font-family: Verdana; font-size: small;\">&#8212;<\/span><\/p>\n<p align=\"LEFT\"><span style=\"color: #0b333c; font-family: Verdana; font-size: small;\">Piotr Dobrosz<\/span><\/p>\n<p align=\"LEFT\"><span style=\"color: #0b333c; font-family: Verdana; font-size: small;\">Poland Country Representative<\/span><\/p>\n<p align=\"LEFT\"><span style=\"color: #0b333c; font-family: Verdana; font-size: small;\">ul. Oleandr\u00f3w 6<\/span><\/p>\n<p align=\"LEFT\"><span style=\"color: #0b333c; font-family: Verdana; font-size: small;\">00-629 Warszawa, Poland<\/span><\/p>\n<p align=\"LEFT\"><span style=\"color: #0b333c; font-family: Verdana; font-size: small;\">+48 530 097 051<\/span><\/p>\n<p align=\"LEFT\"><span style=\"color: #0b333c; font-family: Verdana; font-size: small;\">+48 22 205 06 16<\/span><\/p>\n<p align=\"LEFT\"><span style=\"color: #0b333c; font-family: Verdana; font-size: small;\">www.americancouncils.pl\u00a0<\/span><\/p>\n","protected":false},"excerpt":{"rendered":"<p>W imieniu Ambasady Stan\u00f3w Zjednoczonych w Polsce oraz American Councils for International Education zwracamy si\u0119 z pro\u015bb\u0105 o przekazanie uczniom informacji o mo\u017cliwo\u015bci udzia\u0142u w Programie FLEX w roku szkolnym&#8230;<\/p>\n","protected":false},"author":1,"featured_media":427,"comment_status":"open","ping_status":"open","sticky":false,"template":"","format":"standard","meta":{"footnotes":""},"categories":[1],"tags":[],"class_list":["post-426","post","type-post","status-publish","format-standard","has-post-thumbnail","hentry","category-aktualnosci"],"_links":{"self":[{"href":"https:\/\/jezykiobce.jaworzno.edu.pl\/index.php?rest_route=\/wp\/v2\/posts\/426","targetHints":{"allow":["GET"]}}],"collection":[{"href":"https:\/\/jezykiobce.jaworzno.edu.pl\/index.php?rest_route=\/wp\/v2\/posts"}],"about":[{"href":"https:\/\/jezykiobce.jaworzno.edu.pl\/index.php?rest_route=\/wp\/v2\/types\/post"}],"author":[{"embeddable":true,"href":"https:\/\/jezykiobce.jaworzno.edu.pl\/index.php?rest_route=\/wp\/v2\/users\/1"}],"replies":[{"embeddable":true,"href":"https:\/\/jezykiobce.jaworzno.edu.pl\/index.php?rest_route=%2Fwp%2Fv2%2Fcomments&post=426"}],"version-history":[{"count":3,"href":"https:\/\/jezykiobce.jaworzno.edu.pl\/index.php?rest_route=\/wp\/v2\/posts\/426\/revisions"}],"predecessor-version":[{"id":430,"href":"https:\/\/jezykiobce.jaworzno.edu.pl\/index.php?rest_route=\/wp\/v2\/posts\/426\/revisions\/430"}],"wp:featuredmedia":[{"embeddable":true,"href":"https:\/\/jezykiobce.jaworzno.edu.pl\/index.php?rest_route=\/wp\/v2\/media\/427"}],"wp:attachment":[{"href":"https:\/\/jezykiobce.jaworzno.edu.pl\/index.php?rest_route=%2Fwp%2Fv2%2Fmedia&parent=426"}],"wp:term":[{"taxonomy":"category","embeddable":true,"href":"https:\/\/jezykiobce.jaworzno.edu.pl\/index.php?rest_route=%2Fwp%2Fv2%2Fcategories&post=426"},{"taxonomy":"post_tag","embeddable":true,"href":"https:\/\/jezykiobce.jaworzno.edu.pl\/index.php?rest_route=%2Fwp%2Fv2%2Ftags&post=426"}],"curies":[{"name":"wp","href":"https:\/\/api.w.org\/{rel}","templated":true}]}}