{"id":470,"date":"2018-11-26T10:20:50","date_gmt":"2018-11-26T09:20:50","guid":{"rendered":"http:\/\/jezykiobce.jaworzno.edu.pl\/?p=470"},"modified":"2018-11-26T10:21:24","modified_gmt":"2018-11-26T09:21:24","slug":"12-12-2018-konferencja-metodyczna-na-temat-nowej-podstawy-programowej-2019","status":"publish","type":"post","link":"https:\/\/jezykiobce.jaworzno.edu.pl\/?p=470","title":{"rendered":"12.12.2018 konferencja metodyczna na temat Nowej Podstawy Programowej 2019+ w Jaworznie"},"content":{"rendered":"<p style=\"text-align: center;\">Doradca metodyczny z zakresu nauczania j\u0119zyk\u00f3w obcych Anna P\u0142awecka zaprasza<\/p>\n<p style=\"text-align: center;\">na konferencj\u0119 metodyczn\u0105 pod patronatem <em>Oxford University Press<\/em>:<\/p>\n<p style=\"text-align: center;\"><strong>Nauczyciel j\u0119zyka obcego a wsp\u00f3\u0142czesny \u015bwiat i NPP 2019+ w szko\u0142ach \u015brednich<\/strong><\/p>\n<p style=\"text-align: center;\"><strong>\u00a0<\/strong>kt\u00f3ra odb\u0119dzie si\u0119 dnia <strong>12 grudnia 2018 r. o godz. 15.30<\/strong><\/p>\n<p style=\"text-align: center;\">w budynku II Liceum Og\u00f3lnokszta\u0142c\u0105cego im. Czes\u0142awa Mi\u0142osza<br \/>\nw Jaworznie, ul. M. Sk\u0142odowskiej-Curie 6.<\/p>\n<p>&nbsp;<\/p>\n<p>Szkolenie\u00a0przeznaczone jest dla <u>nauczycieli j\u0119zyk\u00f3w obcych <\/u><u>(w szczeg\u00f3lno\u015bci ucz\u0105cych j\u0119zyka angielskiego) w szko\u0142ach \u015brednich<\/u> i dotyczy Nowej Podstawy Programowej\u00a02019+<\/p>\n<p>&nbsp;<\/p>\n<ol>\n<li>Najwa\u017cniejsze punkty dotycz\u0105ce zakresu materia\u0142u<\/li>\n<li>Poziomy nauczania j\u0119zyka obcego<\/li>\n<li>Zmiany, kt\u00f3re nauczyciele napotkaj\u0105 je\u017celi chodzi o realizacj\u0119 NPP<\/li>\n<li>NPP a kompetencje kluczowe XXI wieku i zmieniaj\u0105cy si\u0119 \u015bwiat<\/li>\n<li>\u0106wiczenia praktyczne<\/li>\n<\/ol>\n<p><u>Prowadzenie:<\/u> <strong>Marzena Tyburska OUP<\/strong>, Anna P\u0142awecka<\/p>\n<p>Prosimy o zg\u0142aszanie uczestnictwa do Pani metodyk Anny P\u0142aweckiej (<a href=\"mailto:metodyk.jezykiobce@gmail.com\">metodyk.jezykiobce@gmail.com<\/a> ) w warsztatach w celu przygotowania dostatecznej ilo\u015bci materia\u0142\u00f3w warsztatowych i za\u015bwiadcze\u0144.<\/p>\n<p>&nbsp;<\/p>\n","protected":false},"excerpt":{"rendered":"<p>Doradca metodyczny z zakresu nauczania j\u0119zyk\u00f3w obcych Anna P\u0142awecka zaprasza na konferencj\u0119 metodyczn\u0105 pod patronatem Oxford University Press: Nauczyciel j\u0119zyka obcego a wsp\u00f3\u0142czesny \u015bwiat i NPP 2019+ w szko\u0142ach \u015brednich&#8230;<\/p>\n","protected":false},"author":1,"featured_media":471,"comment_status":"open","ping_status":"open","sticky":false,"template":"","format":"standard","meta":{"footnotes":""},"categories":[1],"tags":[],"class_list":["post-470","post","type-post","status-publish","format-standard","has-post-thumbnail","hentry","category-aktualnosci"],"_links":{"self":[{"href":"https:\/\/jezykiobce.jaworzno.edu.pl\/index.php?rest_route=\/wp\/v2\/posts\/470","targetHints":{"allow":["GET"]}}],"collection":[{"href":"https:\/\/jezykiobce.jaworzno.edu.pl\/index.php?rest_route=\/wp\/v2\/posts"}],"about":[{"href":"https:\/\/jezykiobce.jaworzno.edu.pl\/index.php?rest_route=\/wp\/v2\/types\/post"}],"author":[{"embeddable":true,"href":"https:\/\/jezykiobce.jaworzno.edu.pl\/index.php?rest_route=\/wp\/v2\/users\/1"}],"replies":[{"embeddable":true,"href":"https:\/\/jezykiobce.jaworzno.edu.pl\/index.php?rest_route=%2Fwp%2Fv2%2Fcomments&post=470"}],"version-history":[{"count":2,"href":"https:\/\/jezykiobce.jaworzno.edu.pl\/index.php?rest_route=\/wp\/v2\/posts\/470\/revisions"}],"predecessor-version":[{"id":473,"href":"https:\/\/jezykiobce.jaworzno.edu.pl\/index.php?rest_route=\/wp\/v2\/posts\/470\/revisions\/473"}],"wp:featuredmedia":[{"embeddable":true,"href":"https:\/\/jezykiobce.jaworzno.edu.pl\/index.php?rest_route=\/wp\/v2\/media\/471"}],"wp:attachment":[{"href":"https:\/\/jezykiobce.jaworzno.edu.pl\/index.php?rest_route=%2Fwp%2Fv2%2Fmedia&parent=470"}],"wp:term":[{"taxonomy":"category","embeddable":true,"href":"https:\/\/jezykiobce.jaworzno.edu.pl\/index.php?rest_route=%2Fwp%2Fv2%2Fcategories&post=470"},{"taxonomy":"post_tag","embeddable":true,"href":"https:\/\/jezykiobce.jaworzno.edu.pl\/index.php?rest_route=%2Fwp%2Fv2%2Ftags&post=470"}],"curies":[{"name":"wp","href":"https:\/\/api.w.org\/{rel}","templated":true}]}}